{"id":5729,"date":"2025-04-15T14:00:00","date_gmt":"2025-04-15T18:00:00","guid":{"rendered":"https:\/\/www.alto-design.com\/?p=5729"},"modified":"2025-04-23T08:46:04","modified_gmt":"2025-04-23T12:46:04","slug":"training-for-sustainable-innovation","status":"publish","type":"post","link":"https:\/\/www.alto-design.com\/en\/uncategorized\/training-for-sustainable-innovation\/","title":{"rendered":"Training for sustainable innovation"},"content":{"rendered":"    <section class=\"wysiwyg\">\r\n        <div class=\"wrapper\">\r\n            <div class=\"row\">\r\n                <div class=\"col-6 col-offset-3 mlg:col-8 mlg:col-offset-2 lg:col-12 lg:col-offset-0\">\r\n                    <div class=\"wysi \">\r\n    <p>By Alto, April 15th 2025<\/p>\n<p>Eco-design takes place throughout the product development process, from the initial concept phase through to technical development. For our team, eco-design is as much about design as it is about engineering.<\/p>\n<p>To keep abreast of the latest technological and regulatory developments, Richard Par\u00e9, Vice President of Engineering, recently participated in training courses offered by the Ordre des ing\u00e9nieurs du Qu\u00e9bec on the evolution of responsible design practices. This coursework focused on key issues in rethinking products and services in a more sustainable way.<\/p>\n<p data-prosemirror-content-type=\"node\" data-prosemirror-node-name=\"paragraph\" data-prosemirror-node-block=\"true\"><img loading=\"lazy\" decoding=\"async\" class=\"alignnone size-medium wp-image-5731\" src=\"https:\/\/b2895708.smushcdn.com\/2895708\/wp-content\/uploads\/2025\/04\/FormationsOIQ-1024x427.jpg?lossy=1&strip=1&webp=1\" alt=\"\" width=\"1024\" height=\"427\" srcset=\"https:\/\/b2895708.smushcdn.com\/2895708\/wp-content\/uploads\/2025\/04\/FormationsOIQ-1024x427.jpg?lossy=1&strip=1&webp=1 1024w, https:\/\/b2895708.smushcdn.com\/2895708\/wp-content\/uploads\/2025\/04\/FormationsOIQ-800x333.jpg?lossy=1&strip=1&webp=1 800w, https:\/\/b2895708.smushcdn.com\/2895708\/wp-content\/uploads\/2025\/04\/FormationsOIQ-768x320.jpg?lossy=1&strip=1&webp=1 768w, https:\/\/b2895708.smushcdn.com\/2895708\/wp-content\/uploads\/2025\/04\/FormationsOIQ-1536x640.jpg?lossy=1&strip=1&webp=1 1536w, https:\/\/b2895708.smushcdn.com\/2895708\/wp-content\/uploads\/2025\/04\/FormationsOIQ-1280x533.jpg?lossy=1&strip=1&webp=1 1280w, https:\/\/b2895708.smushcdn.com\/2895708\/wp-content\/uploads\/2025\/04\/FormationsOIQ-900x375.jpg?lossy=1&strip=1&webp=1 900w, https:\/\/b2895708.smushcdn.com\/2895708\/wp-content\/uploads\/2025\/04\/FormationsOIQ-600x250.jpg?lossy=1&strip=1&webp=1 600w, https:\/\/b2895708.smushcdn.com\/2895708\/wp-content\/uploads\/2025\/04\/FormationsOIQ-300x125.jpg?lossy=1&strip=1&webp=1 300w, https:\/\/b2895708.smushcdn.com\/2895708\/wp-content\/uploads\/2025\/04\/FormationsOIQ.jpg?lossy=1&strip=1&webp=1 1839w\" sizes=\"auto, (max-width: 1024px) 100vw, 1024px\" \/><\/p>\n<p>Here are a few highlights that are already inspiring us in our thinking:<\/p>\n<h3>Evolving waste management technologies<\/h3>\n<p>Evolving end-of-life management technologies influence material slection and packaging design to promote recycling and reuse.<\/p>\n<h3>Responsible sourcing<\/h3>\n<p>Analyses of the energy impacts of raw material extraction and recycling enable informed material and component selection at the design stage.<\/p>\n<h3>The ESG criteria, a paradigm shift<\/h3>\n<p>Environmental, social and governance (ESG) criteria engage companies and their engineers in the green transition by defining performance criteria that differ from traditional financial metrics.<\/p>\n<h3>Business models focused on sustainability<\/h3>\n<p>Turnkey subscription models that integrate repair and end-of-life management are redefining the value of products. They encourage the creation of systems that facilitate the repair, adjustment and replacement of components.<\/p>\n<h3>Evolution of regulatory levers<\/h3>\n<p>Regulatory levers for product reuse and waste reduction are evolving and influencing the design of future products, from Extended Producer Responsibility (EPR) to European standards on repairability.<\/p>\n<p style=\"text-align: left;\">Eco-design is a powerful lever for innovation that is constantly evolving. Through ongoing training, we are able to incorporate the latest knowledge into our <a href=\"https:\/\/www.alto-design.com\/en\/services\/ecodesign\/\" target=\"_blank\" rel=\"noopener\">eco-design services<\/a>.<\/p>\n<p>Thanks to speakers <strong>Nicolas Turgeon<\/strong>, <strong>Pierre Baptiste<\/strong>, Ph. D., <strong>Pierre-Olivier Pineau<\/strong>, Ph. D., <strong>Denis Brisebois<\/strong> and the <strong>OIQ<\/strong> for this rich and stimulating content.<\/p>\n<\/div>\r\n                                            <div class=\"share\">\r\n    <p class=\"share__title || subtitle uppercase\">Share:<\/p>\r\n    <div class=\"flex items-center\">\r\n        <a class=\"share__button items-center justify-center relative flex share__button--facebook\" rel=\"noopener\" href=\"http:\/\/www.facebook.com\/sharer.php?u=https:\/\/www.alto-design.com\/en\/uncategorized\/training-for-sustainable-innovation\/\" target=\"_blank\" onclick=\"window.open(this.href, 'targetWindow', 'toolbar=no,location=no,status=no,menubar=no,scrollbars=yes,resizable=yes,width=800,height=600'); return false;\" title=\"Partager sur Facebook\">\r\n            <svg width=\"10\" height=\"18\" viewBox=\"0 0 10 18\" fill=\"none\" xmlns=\"http:\/\/www.w3.org\/2000\/svg\">\r\n<path d=\"M9.03516 10.125L9.52734 6.89062H6.39844V4.78125C6.39844 3.86719 6.82031 3.02344 8.22656 3.02344H9.66797V0.246094C9.66797 0.246094 8.36719 0 7.13672 0C4.57031 0 2.88281 1.58203 2.88281 4.39453V6.89062H0V10.125H2.88281V18H6.39844V10.125H9.03516Z\" fill=\"#202626\"\/>\r\n<\/svg>\r\n        <\/a>\r\n        <a class=\"share__button items-center justify-center relative flex linkedin\" href=\"https:\/\/www.linkedin.com\/shareArticle?mini=true&#038;url=https:\/\/www.alto-design.com\/en\/uncategorized\/training-for-sustainable-innovation\/\" target=\"_blank\" onclick=\"window.open(this.href, 'targetWindow', 'toolbar=no,location=no,status=no,menubar=no,scrollbars=yes,resizable=yes,width=800,height=600'); return false;\" title=\"Partager sur LinkedIn\">\r\n            <svg width=\"19\" height=\"18\" viewBox=\"0 0 19 18\" fill=\"none\" xmlns=\"http:\/\/www.w3.org\/2000\/svg\">\r\n<path d=\"M4.69481 18V5.95973H0.949848V18H4.69481ZM2.8022 4.34899C4.01025 4.34899 4.97669 3.34228 4.97669 2.13423C4.97669 0.966443 4.01025 0 2.8022 0C1.63441 0 0.667969 0.966443 0.667969 2.13423C0.667969 3.34228 1.63441 4.34899 2.8022 4.34899ZM18.668 18H18.7082V11.396C18.7082 8.1745 17.9834 5.67785 14.1982 5.67785C12.3861 5.67785 11.178 6.68456 10.6545 7.61074H10.6143V5.95973H7.03038V18H10.7754V12.0403C10.7754 10.4698 11.0572 8.97987 12.9901 8.97987C14.923 8.97987 14.9633 10.7517 14.9633 12.1611V18H18.668Z\" fill=\"#202626\"\/>\r\n<\/svg>\r\n        <\/a>\r\n                    <a class=\"share__button items-center justify-center relative flex button__share--email\" href=\"mailto:?subject=Alto design&amp;body=Reconnue \u00e0 l\u2019international, Alto design est une firme montr\u00e9alaise de d\u00e9veloppement de produits depuis pr\u00e8s de 40 ans.\r\nInternationally recognized, Alto design is a Montreal-based firm that has been designing and developing products for 40 years.: https:\/\/www.alto-design.com\/en\/uncategorized\/training-for-sustainable-innovation\/\" target=\"_blank\" title=\"Partager via courriel\">\r\n                <svg width=\"20\" height=\"14\" viewBox=\"0 0 20 14\" fill=\"none\" xmlns=\"http:\/\/www.w3.org\/2000\/svg\">\r\n<path d=\"M19.0101 4.63021C18.1715 5.28646 17.1143 6.08854 13.3955 8.78646C12.6663 9.33333 11.3174 10.5365 10.0413 10.5365C8.72884 10.5365 7.41634 9.33333 6.65072 8.78646C2.93197 6.08854 1.87467 5.28646 1.03613 4.63021C0.890299 4.52083 0.708008 4.63021 0.708008 4.8125V12.25C0.708008 13.2344 1.47363 14 2.45801 14H17.6247C18.5726 14 19.3747 13.2344 19.3747 12.25V4.8125C19.3747 4.63021 19.1559 4.52083 19.0101 4.63021ZM10.0413 9.33333C10.8799 9.36979 12.083 8.27604 12.7028 7.83854C17.5518 4.33854 17.9163 4.01042 19.0101 3.13542C19.2288 2.98958 19.3747 2.73438 19.3747 2.44271V1.75C19.3747 0.802083 18.5726 0 17.6247 0H2.45801C1.47363 0 0.708008 0.802083 0.708008 1.75V2.44271C0.708008 2.73438 0.817383 2.98958 1.03613 3.13542C2.12988 4.01042 2.49447 4.33854 7.34342 7.83854C7.96322 8.27604 9.16634 9.36979 10.0413 9.33333Z\" fill=\"#202626\"\/>\r\n<\/svg>\r\n            <\/a>\r\n            <\/div>\r\n<\/div>\r\n                                    <\/div>\r\n            <\/div>\r\n    <\/section>\r\n","protected":false},"excerpt":{"rendered":"","protected":false},"author":6,"featured_media":5746,"comment_status":"closed","ping_status":"closed","sticky":false,"template":"","format":"standard","meta":{"_acf_changed":true,"inline_featured_image":false,"wds_primary_category":20,"wds_primary_types":0,"footnotes":""},"categories":[20],"tags":[],"types":[],"class_list":["post-5729","post","type-post","status-publish","format-standard","has-post-thumbnail","hentry","category-uncategorized"],"acf":[],"_links":{"self":[{"href":"https:\/\/www.alto-design.com\/en\/wp-json\/wp\/v2\/posts\/5729","targetHints":{"allow":["GET"]}}],"collection":[{"href":"https:\/\/www.alto-design.com\/en\/wp-json\/wp\/v2\/posts"}],"about":[{"href":"https:\/\/www.alto-design.com\/en\/wp-json\/wp\/v2\/types\/post"}],"author":[{"embeddable":true,"href":"https:\/\/www.alto-design.com\/en\/wp-json\/wp\/v2\/users\/6"}],"replies":[{"embeddable":true,"href":"https:\/\/www.alto-design.com\/en\/wp-json\/wp\/v2\/comments?post=5729"}],"version-history":[{"count":0,"href":"https:\/\/www.alto-design.com\/en\/wp-json\/wp\/v2\/posts\/5729\/revisions"}],"wp:featuredmedia":[{"embeddable":true,"href":"https:\/\/www.alto-design.com\/en\/wp-json\/wp\/v2\/media\/5746"}],"wp:attachment":[{"href":"https:\/\/www.alto-design.com\/en\/wp-json\/wp\/v2\/media?parent=5729"}],"wp:term":[{"taxonomy":"category","embeddable":true,"href":"https:\/\/www.alto-design.com\/en\/wp-json\/wp\/v2\/categories?post=5729"},{"taxonomy":"post_tag","embeddable":true,"href":"https:\/\/www.alto-design.com\/en\/wp-json\/wp\/v2\/tags?post=5729"},{"taxonomy":"types","embeddable":true,"href":"https:\/\/www.alto-design.com\/en\/wp-json\/wp\/v2\/types?post=5729"}],"curies":[{"name":"wp","href":"https:\/\/api.w.org\/{rel}","templated":true}]}}